{"id":1726,"date":"2026-04-01T03:41:13","date_gmt":"2026-04-01T01:41:13","guid":{"rendered":"https:\/\/conmag.chaco.gov.ar\/prensa\/?p=1726"},"modified":"2026-04-01T03:41:13","modified_gmt":"2026-04-01T01:41:13","slug":"undecima-sesion-31-3","status":"publish","type":"post","link":"http:\/\/conmag.chaco.gov.ar\/prensa\/2026\/04\/01\/undecima-sesion-31-3\/","title":{"rendered":"Und\u00e9cima sesi\u00f3n &#8211; 31-3"},"content":{"rendered":"\n<h2 class=\"wp-block-heading\"><strong>Sesi\u00f3n\u00a0N\u00ba 11.\u00a0<\/strong><\/h2>\n\n\n\n<p>En la&nbsp;sede&nbsp;central del&nbsp;organismo, se&nbsp;llev\u00f3&nbsp;a&nbsp;cabo&nbsp;la&nbsp;sesi\u00f3n&nbsp;N\u00ba 11 del&nbsp;a\u00f1o,&nbsp;en&nbsp;cuyo&nbsp;desarrollo&nbsp;se&nbsp;abordaron&nbsp;diversos&nbsp;temas&nbsp;de&nbsp;relevancia&nbsp;institucional. Entre&nbsp;ellos, se&nbsp;realizaron&nbsp;entrevistas&nbsp;de&nbsp;valoraci\u00f3n&nbsp;personal, se&nbsp;trataron&nbsp;cuestiones&nbsp;vinculadas&nbsp;a&nbsp;los&nbsp;concursos&nbsp;en&nbsp;curso&nbsp;y se&nbsp;dispuso&nbsp;la apertura de&nbsp;nuevas&nbsp;inscripciones.&nbsp;<\/p>\n\n\n\n<h2 class=\"wp-block-heading\"><strong>Entrevistas&nbsp;y&nbsp;votaciones.<\/strong>&nbsp;<\/h2>\n\n\n\n<p>En primer t\u00e9rmino, los consejeros avanzaron con las entrevistas de valoraci\u00f3n personal previstas para la fecha, destinadas a cubrir los cargos de Fiscal -Provisorio- para la Fiscal\u00eda de Investigaci\u00f3n con funciones en el Equipo Fiscal\u00a0N\u00ba\u00a014 de Resistencia, y Juez para el Juzgado Civil y Comercial\u00a0N\u00ba\u00a022, de la misma localidad.\u00a0Entrevistaron a 21 postulantes, 14 asistieron para la Fiscal\u00eda de Investigaci\u00f3n, y 7 para el Juzgado Civil y Comercial\u00a0N\u00ba\u00a022\u00a0<\/p>\n\n\n\n<p>En ese&nbsp;sentido&nbsp;y&nbsp;seguidamente,&nbsp;avanzaron&nbsp;con las&nbsp;votaciones&nbsp;para las&nbsp;asesor\u00edas&nbsp;vacantes:&nbsp;Asesor\/a de&nbsp;Ni\u00f1as,&nbsp;Ni\u00f1os&nbsp;y&nbsp;Adolescentes&nbsp;N\u00ba&nbsp;3 de la Segunda&nbsp;Circunscripci\u00f3n&nbsp;Judicial, con asiento&nbsp;en&nbsp;Presidencia Roque S\u00e1enz Pe\u00f1a y&nbsp;competencia&nbsp;amplia&nbsp;en&nbsp;materia&nbsp;Civil, Socio&nbsp;Asistencial&nbsp;y Penal,&nbsp;Asesor&nbsp;-Provisorio- para la&nbsp;Asesor\u00eda&nbsp;de&nbsp;Ni\u00f1os,&nbsp;Ni\u00f1as&nbsp;y&nbsp;Adolescentes&nbsp;N\u00ba&nbsp;6 de Resistencia y&nbsp;Asesor\/a de&nbsp;Ni\u00f1as,&nbsp;Ni\u00f1os&nbsp;y&nbsp;Adolescentes&nbsp;N\u00ba&nbsp;7 de la Primera&nbsp;Circunscripci\u00f3n&nbsp;Judicial, con asiento&nbsp;en&nbsp;Resistencia y&nbsp;competencia&nbsp;amplia&nbsp;en&nbsp;materia&nbsp;civil.&nbsp;<\/p>\n\n\n\n<h2 class=\"wp-block-heading\"><strong>Propuestas<\/strong>&nbsp;<\/h2>\n\n\n\n<p>Finalizadas&nbsp;las&nbsp;votaciones,&nbsp;los&nbsp;consejeros&nbsp;realizaron&nbsp;las&nbsp;siguientes&nbsp;propuestas&nbsp;de&nbsp;designaci\u00f3n:&nbsp;<\/p>\n\n\n\n<p>* Dra. Su\u00e1rez, Valeria Elisabet para&nbsp;cubrir&nbsp;el&nbsp;cargo de&nbsp;Asesora&nbsp;-Provisoria- para la&nbsp;Asesor\u00eda&nbsp;de&nbsp;Ni\u00f1as,&nbsp;Ni\u00f1os&nbsp;y&nbsp;Adolescentes&nbsp;N\u00ba 6 de Resistencia.&nbsp;<\/p>\n\n\n\n<p>* Dra.&nbsp;Senoff, Eliana Alejandra para&nbsp;cubrir&nbsp;el&nbsp;cargo de&nbsp;Asesora&nbsp;de&nbsp;Ni\u00f1as,&nbsp;Ni\u00f1os&nbsp;y&nbsp;Adolescentes&nbsp;n\u00ba 3 de la Segunda&nbsp;Circunscripci\u00f3n&nbsp;y&nbsp;competencia&nbsp;amplia&nbsp;en&nbsp;materia&nbsp;Civil, Socio&nbsp;Asistencial&nbsp;y Penal.&nbsp;<\/p>\n\n\n\n<p>* Dra. Reale Antonela, para&nbsp;cubrir&nbsp;el&nbsp;cargo de&nbsp;Asesora&nbsp;de&nbsp;Ni\u00f1as,&nbsp;Ni\u00f1os&nbsp;y&nbsp;Adolescentes&nbsp;N\u00ba 7 de la Primera&nbsp;Circunscripci\u00f3n&nbsp;con asiento&nbsp;en&nbsp;Resistencia.&nbsp;<\/p>\n\n\n\n<p>Las&nbsp;propuestas,&nbsp;adoptadas&nbsp;por&nbsp;unanimidad,&nbsp;fueron&nbsp;el&nbsp;resultado&nbsp;de un&nbsp;amplio&nbsp;proceso&nbsp;de&nbsp;deliberaci\u00f3n.&nbsp;Alcanzado&nbsp;el&nbsp;consenso, se&nbsp;procedi\u00f3&nbsp;a&nbsp;formalizar&nbsp;su&nbsp;correspondiente&nbsp;formulaci\u00f3n.&nbsp;<\/p>\n\n\n\n<h2 class=\"wp-block-heading\"><strong>Apertura de&nbsp;inscripciones<\/strong>&nbsp;<\/h2>\n\n\n\n<p>Por&nbsp;otra&nbsp;parte,&nbsp;informaron&nbsp;la apertura de&nbsp;tres&nbsp;(3) concursos,&nbsp;cuya&nbsp;publicaci\u00f3n&nbsp;ser\u00e1&nbsp;realizada&nbsp;pr\u00f3ximamente&nbsp;en&nbsp;el&nbsp;sitio web&nbsp;institucional:&nbsp;<\/p>\n\n\n\n<p>*&nbsp;Juez&nbsp;de C\u00e1mara con&nbsp;funciones&nbsp;en&nbsp;la C\u00e1mara Primera&nbsp;en&nbsp;lo Criminal de Resistencia.&nbsp;<\/p>\n\n\n\n<p>* Fiscal -Provisorio- para&nbsp;el&nbsp;Equipo Fiscal&nbsp;Antidrogas&nbsp;N\u00ba 2 de Resistencia.&nbsp;<\/p>\n\n\n\n<p>*&nbsp;Juez&nbsp;-Suplente- para&nbsp;el&nbsp;Juzgado&nbsp;del&nbsp;Trabajo&nbsp;N\u00ba 1 de Resistencia.&nbsp;<\/p>\n\n\n\n<p>Las&nbsp;inscripciones&nbsp;estar\u00e1n&nbsp;disponibles&nbsp;a&nbsp;partir&nbsp;del&nbsp;mi\u00e9rcoles&nbsp;1 de&nbsp;abril, y&nbsp;finalizar\u00e1n&nbsp;el&nbsp;viernes&nbsp;10 de&nbsp;abril&nbsp;a las 12 horas.&nbsp;<\/p>\n\n\n\n<h2 class=\"wp-block-heading\"><strong>Pr\u00f3ximas&nbsp;entrevistas<\/strong>&nbsp;<\/h2>\n\n\n\n<p>* Defensor\/a para la&nbsp;Defensor\u00eda&nbsp;P\u00fablica de&nbsp;V\u00edctimas&nbsp;de la Primera&nbsp;Circunscripci\u00f3n&nbsp;Judicial, con asiento&nbsp;en&nbsp;la ciudad de Resistencia. A&nbsp;partir&nbsp;de las 17 horas.&nbsp;<\/p>\n\n\n\n<p>*&nbsp;Juez&nbsp;con&nbsp;funciones&nbsp;en&nbsp;el&nbsp;Juzgado&nbsp;de&nbsp;Garant\u00edas&nbsp;N\u00ba 3 de Resistencia. A&nbsp;partir&nbsp;de las 17:30 horas.&nbsp;<\/p>\n\n\n\n<p>Ambas&nbsp;tendr\u00e1n&nbsp;lugar&nbsp;el&nbsp;martes 7 de&nbsp;abril&nbsp;del&nbsp;corriente&nbsp;a\u00f1o.&nbsp;<\/p>\n\n\n\n<h2 class=\"wp-block-heading\"><strong>Integraci\u00f3n&nbsp;de&nbsp;comisi\u00f3n&nbsp;examinadora<\/strong>&nbsp;<\/h2>\n\n\n\n<p>Por&nbsp;otra&nbsp;parte,&nbsp;dieron&nbsp;a&nbsp;conocer&nbsp;que&nbsp;se&nbsp;integr\u00f3&nbsp;la&nbsp;comisi\u00f3n&nbsp;examinadora&nbsp;para&nbsp;el&nbsp;concurso&nbsp;destinado&nbsp;a&nbsp;cubrir&nbsp;el&nbsp;cargo de Fiscal de&nbsp;Investigaci\u00f3n&nbsp;Antidrogas&nbsp;N\u00ba 2 de Resistencia.&nbsp;<\/p>\n\n\n\n<p>Participaron del acuerdo el presidente V\u00edctor Emilio del R\u00edo y los consejeros y consejeras: Sergio Andr\u00e9s Bosch, Mar\u00eda Cecilia Arroyo, Rub\u00e9n Omar Guill\u00f3n (V\u00eda&nbsp;Zoom), Carmen Noem\u00ed Delgado (V\u00eda&nbsp;Zoom) Mar\u00eda Cecilia Morante,&nbsp;Carolina Beatriz&nbsp;Meiri\u00f1o&nbsp;(V\u00eda&nbsp;Remota)&nbsp;Jorge Fernando G\u00f3mez y Magda&nbsp;Ciles&nbsp;Ayala, asistidos por la secretaria subrogante Mar\u00eda In\u00e9s Martina.&nbsp;&nbsp;<\/p>\n\n\n\n<figure class=\"wp-block-gallery has-nested-images columns-default is-cropped wp-block-gallery-1 is-layout-flex wp-block-gallery-is-layout-flex\">\n<figure class=\"wp-block-image size-large\"><img decoding=\"async\" loading=\"lazy\" width=\"1024\" height=\"682\" data-id=\"1728\" src=\"https:\/\/conmag.chaco.gov.ar\/prensa\/wp-content\/uploads\/2026\/04\/WhatsApp-Image-2026-03-31-at-17.46.33-1-1024x682.jpeg\" alt=\"\" class=\"wp-image-1728\" srcset=\"http:\/\/conmag.chaco.gov.ar\/prensa\/wp-content\/uploads\/2026\/04\/WhatsApp-Image-2026-03-31-at-17.46.33-1-1024x682.jpeg 1024w, http:\/\/conmag.chaco.gov.ar\/prensa\/wp-content\/uploads\/2026\/04\/WhatsApp-Image-2026-03-31-at-17.46.33-1-300x200.jpeg 300w, http:\/\/conmag.chaco.gov.ar\/prensa\/wp-content\/uploads\/2026\/04\/WhatsApp-Image-2026-03-31-at-17.46.33-1-768x512.jpeg 768w, http:\/\/conmag.chaco.gov.ar\/prensa\/wp-content\/uploads\/2026\/04\/WhatsApp-Image-2026-03-31-at-17.46.33-1-1536x1023.jpeg 1536w, http:\/\/conmag.chaco.gov.ar\/prensa\/wp-content\/uploads\/2026\/04\/WhatsApp-Image-2026-03-31-at-17.46.33-1.jpeg 1600w\" sizes=\"(max-width: 1024px) 100vw, 1024px\" \/><\/figure>\n\n\n\n<figure class=\"wp-block-image size-large\"><img decoding=\"async\" loading=\"lazy\" width=\"1024\" height=\"604\" data-id=\"1727\" src=\"https:\/\/conmag.chaco.gov.ar\/prensa\/wp-content\/uploads\/2026\/04\/WhatsApp-Image-2026-03-31-at-17.46.33-2-1024x604.jpeg\" alt=\"\" class=\"wp-image-1727\" srcset=\"http:\/\/conmag.chaco.gov.ar\/prensa\/wp-content\/uploads\/2026\/04\/WhatsApp-Image-2026-03-31-at-17.46.33-2-1024x604.jpeg 1024w, http:\/\/conmag.chaco.gov.ar\/prensa\/wp-content\/uploads\/2026\/04\/WhatsApp-Image-2026-03-31-at-17.46.33-2-300x177.jpeg 300w, http:\/\/conmag.chaco.gov.ar\/prensa\/wp-content\/uploads\/2026\/04\/WhatsApp-Image-2026-03-31-at-17.46.33-2-768x453.jpeg 768w, http:\/\/conmag.chaco.gov.ar\/prensa\/wp-content\/uploads\/2026\/04\/WhatsApp-Image-2026-03-31-at-17.46.33-2-1536x906.jpeg 1536w, http:\/\/conmag.chaco.gov.ar\/prensa\/wp-content\/uploads\/2026\/04\/WhatsApp-Image-2026-03-31-at-17.46.33-2.jpeg 1600w\" sizes=\"(max-width: 1024px) 100vw, 1024px\" \/><\/figure>\n<\/figure>\n\n\n\n<figure class=\"wp-block-gallery has-nested-images columns-default is-cropped wp-block-gallery-3 is-layout-flex wp-block-gallery-is-layout-flex\">\n<figure class=\"wp-block-image size-large\"><img decoding=\"async\" loading=\"lazy\" width=\"819\" height=\"1024\" data-id=\"1730\" src=\"https:\/\/conmag.chaco.gov.ar\/prensa\/wp-content\/uploads\/2026\/04\/WhatsApp-Image-2026-03-31-at-19.56.20-819x1024.jpeg\" alt=\"\" class=\"wp-image-1730\" srcset=\"http:\/\/conmag.chaco.gov.ar\/prensa\/wp-content\/uploads\/2026\/04\/WhatsApp-Image-2026-03-31-at-19.56.20-819x1024.jpeg 819w, http:\/\/conmag.chaco.gov.ar\/prensa\/wp-content\/uploads\/2026\/04\/WhatsApp-Image-2026-03-31-at-19.56.20-240x300.jpeg 240w, http:\/\/conmag.chaco.gov.ar\/prensa\/wp-content\/uploads\/2026\/04\/WhatsApp-Image-2026-03-31-at-19.56.20-768x960.jpeg 768w, http:\/\/conmag.chaco.gov.ar\/prensa\/wp-content\/uploads\/2026\/04\/WhatsApp-Image-2026-03-31-at-19.56.20.jpeg 1080w\" sizes=\"(max-width: 819px) 100vw, 819px\" \/><\/figure>\n\n\n\n<figure class=\"wp-block-image size-large\"><img decoding=\"async\" loading=\"lazy\" width=\"819\" height=\"1024\" data-id=\"1731\" src=\"https:\/\/conmag.chaco.gov.ar\/prensa\/wp-content\/uploads\/2026\/04\/WhatsApp-Image-2026-03-31-at-19.51.14-819x1024.jpeg\" alt=\"\" class=\"wp-image-1731\" srcset=\"http:\/\/conmag.chaco.gov.ar\/prensa\/wp-content\/uploads\/2026\/04\/WhatsApp-Image-2026-03-31-at-19.51.14-819x1024.jpeg 819w, http:\/\/conmag.chaco.gov.ar\/prensa\/wp-content\/uploads\/2026\/04\/WhatsApp-Image-2026-03-31-at-19.51.14-240x300.jpeg 240w, http:\/\/conmag.chaco.gov.ar\/prensa\/wp-content\/uploads\/2026\/04\/WhatsApp-Image-2026-03-31-at-19.51.14-768x960.jpeg 768w, http:\/\/conmag.chaco.gov.ar\/prensa\/wp-content\/uploads\/2026\/04\/WhatsApp-Image-2026-03-31-at-19.51.14.jpeg 1080w\" sizes=\"(max-width: 819px) 100vw, 819px\" \/><\/figure>\n\n\n\n<figure class=\"wp-block-image size-large\"><img decoding=\"async\" loading=\"lazy\" width=\"819\" height=\"1024\" data-id=\"1729\" src=\"https:\/\/conmag.chaco.gov.ar\/prensa\/wp-content\/uploads\/2026\/04\/WhatsApp-Image-2026-03-31-at-22.08.51-1-819x1024.jpeg\" alt=\"\" class=\"wp-image-1729\" srcset=\"http:\/\/conmag.chaco.gov.ar\/prensa\/wp-content\/uploads\/2026\/04\/WhatsApp-Image-2026-03-31-at-22.08.51-1-819x1024.jpeg 819w, http:\/\/conmag.chaco.gov.ar\/prensa\/wp-content\/uploads\/2026\/04\/WhatsApp-Image-2026-03-31-at-22.08.51-1-240x300.jpeg 240w, http:\/\/conmag.chaco.gov.ar\/prensa\/wp-content\/uploads\/2026\/04\/WhatsApp-Image-2026-03-31-at-22.08.51-1-768x960.jpeg 768w, http:\/\/conmag.chaco.gov.ar\/prensa\/wp-content\/uploads\/2026\/04\/WhatsApp-Image-2026-03-31-at-22.08.51-1.jpeg 1080w\" sizes=\"(max-width: 819px) 100vw, 819px\" \/><\/figure>\n<\/figure>\n","protected":false},"excerpt":{"rendered":"<p>Sesi\u00f3n\u00a0N\u00ba 11.\u00a0 En la&nbsp;sede&nbsp;central del&nbsp;organismo, se&nbsp;llev\u00f3&nbsp;a&nbsp;cabo&nbsp;la&nbsp;sesi\u00f3n&nbsp;N\u00ba 11 del&nbsp;a\u00f1o,&nbsp;en&nbsp;cuyo&nbsp;desarrollo&nbsp;se&nbsp;abordaron&nbsp;diversos&nbsp;temas&nbsp;de&nbsp;relevancia&nbsp;institucional. Entre&nbsp;ellos, se&nbsp;realizaron&nbsp;entrevistas&nbsp;de&nbsp;valoraci\u00f3n&nbsp;personal, se&nbsp;trataron&nbsp;cuestiones&nbsp;vinculadas&nbsp;a&nbsp;los&nbsp;concursos&nbsp;en&nbsp;curso&nbsp;y se&nbsp;dispuso&nbsp;la apertura de&nbsp;nuevas&nbsp;inscripciones.&nbsp; Entrevistas&nbsp;y&nbsp;votaciones.&nbsp; En primer t\u00e9rmino, los consejeros avanzaron con las entrevistas de valoraci\u00f3n personal previstas para la fecha, destinadas a cubrir los cargos de Fiscal -Provisorio- para la Fiscal\u00eda de Investigaci\u00f3n con funciones en el Equipo Fiscal\u00a0N\u00ba\u00a014 de Resistencia, y Juez para &#8230; <a title=\"Und\u00e9cima sesi\u00f3n &#8211; 31-3\" class=\"read-more\" href=\"http:\/\/conmag.chaco.gov.ar\/prensa\/2026\/04\/01\/undecima-sesion-31-3\/\" aria-label=\"M\u00e1s en Und\u00e9cima sesi\u00f3n &#8211; 31-3\">Leer m\u00e1s<\/a><\/p>\n","protected":false},"author":1,"featured_media":0,"comment_status":"open","ping_status":"open","sticky":false,"template":"","format":"standard","meta":{"footnotes":""},"categories":[1],"tags":[],"_links":{"self":[{"href":"http:\/\/conmag.chaco.gov.ar\/prensa\/wp-json\/wp\/v2\/posts\/1726"}],"collection":[{"href":"http:\/\/conmag.chaco.gov.ar\/prensa\/wp-json\/wp\/v2\/posts"}],"about":[{"href":"http:\/\/conmag.chaco.gov.ar\/prensa\/wp-json\/wp\/v2\/types\/post"}],"author":[{"embeddable":true,"href":"http:\/\/conmag.chaco.gov.ar\/prensa\/wp-json\/wp\/v2\/users\/1"}],"replies":[{"embeddable":true,"href":"http:\/\/conmag.chaco.gov.ar\/prensa\/wp-json\/wp\/v2\/comments?post=1726"}],"version-history":[{"count":1,"href":"http:\/\/conmag.chaco.gov.ar\/prensa\/wp-json\/wp\/v2\/posts\/1726\/revisions"}],"predecessor-version":[{"id":1732,"href":"http:\/\/conmag.chaco.gov.ar\/prensa\/wp-json\/wp\/v2\/posts\/1726\/revisions\/1732"}],"wp:attachment":[{"href":"http:\/\/conmag.chaco.gov.ar\/prensa\/wp-json\/wp\/v2\/media?parent=1726"}],"wp:term":[{"taxonomy":"category","embeddable":true,"href":"http:\/\/conmag.chaco.gov.ar\/prensa\/wp-json\/wp\/v2\/categories?post=1726"},{"taxonomy":"post_tag","embeddable":true,"href":"http:\/\/conmag.chaco.gov.ar\/prensa\/wp-json\/wp\/v2\/tags?post=1726"}],"curies":[{"name":"wp","href":"https:\/\/api.w.org\/{rel}","templated":true}]}}