{"id":1777,"date":"2026-04-29T00:11:45","date_gmt":"2026-04-28T22:11:45","guid":{"rendered":"https:\/\/conmag.chaco.gov.ar\/prensa\/?p=1777"},"modified":"2026-04-29T00:11:45","modified_gmt":"2026-04-28T22:11:45","slug":"decimosexta-sesion-28-4","status":"publish","type":"post","link":"http:\/\/conmag.chaco.gov.ar\/prensa\/2026\/04\/29\/decimosexta-sesion-28-4\/","title":{"rendered":"Decimosexta sesi\u00f3n &#8211; 28-4"},"content":{"rendered":"\n<h2 class=\"wp-block-heading\"><strong>Consejo de la Magistratura<\/strong><\/h2>\n\n\n\n<p>Se reuni\u00f3 el Consejo de la Magistratura y Jurado de Enjuiciamiento, para tratar el acuerdo N\u00b016, llevando adelante el tratamiento de los diversos concursos en tr\u00e1mite y dem\u00e1s tem\u00e1ticas inherentes al organismo constitucional.<\/p>\n\n\n\n<figure class=\"wp-block-image size-large\"><img decoding=\"async\" loading=\"lazy\" width=\"1024\" height=\"604\" src=\"https:\/\/conmag.chaco.gov.ar\/prensa\/wp-content\/uploads\/2026\/04\/WhatsApp-Image-2026-04-28-at-18.30.50-1024x604.jpeg\" alt=\"\" class=\"wp-image-1778\" srcset=\"http:\/\/conmag.chaco.gov.ar\/prensa\/wp-content\/uploads\/2026\/04\/WhatsApp-Image-2026-04-28-at-18.30.50-1024x604.jpeg 1024w, http:\/\/conmag.chaco.gov.ar\/prensa\/wp-content\/uploads\/2026\/04\/WhatsApp-Image-2026-04-28-at-18.30.50-300x177.jpeg 300w, http:\/\/conmag.chaco.gov.ar\/prensa\/wp-content\/uploads\/2026\/04\/WhatsApp-Image-2026-04-28-at-18.30.50-768x453.jpeg 768w, http:\/\/conmag.chaco.gov.ar\/prensa\/wp-content\/uploads\/2026\/04\/WhatsApp-Image-2026-04-28-at-18.30.50-1536x906.jpeg 1536w, http:\/\/conmag.chaco.gov.ar\/prensa\/wp-content\/uploads\/2026\/04\/WhatsApp-Image-2026-04-28-at-18.30.50.jpeg 1600w\" sizes=\"(max-width: 1024px) 100vw, 1024px\" \/><\/figure>\n\n\n\n<h2 class=\"wp-block-heading\"><strong>Fechas de examen\u00a0<\/strong><\/h2>\n\n\n\n<p>En primer&nbsp;termino,&nbsp;los&nbsp;consejeros&nbsp;tomaron&nbsp;conocimiento&nbsp;respecto&nbsp;al&nbsp;programa&nbsp;de examen&nbsp;definido&nbsp;por&nbsp;la&nbsp;comisi\u00f3n&nbsp;examinadora&nbsp;interviniente&nbsp;en&nbsp;el&nbsp;concurso de:&nbsp;Juez&nbsp;Suplente&nbsp;del&nbsp;Juzgado&nbsp;de Paz y Faltas de Primera&nbsp;Categor\u00eda&nbsp;Especial con&nbsp;car\u00e1cter&nbsp;letrado&nbsp;de la Ciudad de&nbsp;Quitilipi, y se&nbsp;aprob\u00f3&nbsp;la&nbsp;fecha&nbsp;de examen de&nbsp;este. La&nbsp;comisi\u00f3n&nbsp;est\u00e1&nbsp;integrada&nbsp;por&nbsp;los&nbsp;Dres. Horacio Roberto&nbsp;Roglan, Claudia Fabiana&nbsp;Piccirillo&nbsp;y Leticia Magal\u00ed C\u00e1ceres. El examen&nbsp;Pr\u00e1ctico&nbsp;tendr\u00e1&nbsp;lugar&nbsp;en&nbsp;la&nbsp;sede&nbsp;del&nbsp;organismo&nbsp;en&nbsp;la Ciudad&nbsp;de&nbsp;Pcia. Roque S\u00e1enz Pe\u00f1a,&nbsp;el&nbsp;d\u00eda 11 de&nbsp;junio&nbsp;del&nbsp;a\u00f1o&nbsp;2026 a las 10 horas y Oral&nbsp;el&nbsp;d\u00eda 18 de&nbsp;junio&nbsp;del&nbsp;a\u00f1o&nbsp;2026 a las 10 horas.&nbsp;<\/p>\n\n\n\n<p>De igual manera, la comisi\u00f3n del concurso de Juez para la Camara Primera en lo Criminal de Resistencia, integrada por los Dres. Isidoro Sasson; Gladis Beatriz Regosky y Graciela Griffith Barreto, ha elevado el temario de examen Oral y Pr\u00e1ctico que se realizar\u00e1 en la sede central del organismo, y se aprob\u00f3 la fecha de examen del mismo, el pr\u00e1ctico el d\u00eda 26 de junio del a\u00f1o 2026 a las 08 horas y Oral el d\u00eda 02 de julio a las 08 horas.&nbsp;<\/p>\n\n\n\n<p>Asimismo, se interiorizaron sobre los dict\u00e1menes elaborados por las distintas comisiones examinadoras: Juez de Primera Instancia del Juzgado de Ni\u00f1ez, Adolescencia y Familia N\u00b01 de Resistencia y Fiscal de Investigaciones del Equipo Fiscal N\u00b0 1 de Charata.&nbsp;<\/p>\n\n\n\n<h2 class=\"wp-block-heading\"><strong>Jurado de Enjuiciamiento\u00a0<\/strong><\/h2>\n\n\n\n<figure class=\"wp-block-image size-large\"><img decoding=\"async\" loading=\"lazy\" width=\"1024\" height=\"604\" src=\"https:\/\/conmag.chaco.gov.ar\/prensa\/wp-content\/uploads\/2026\/04\/WhatsApp-Image-2026-04-28-at-18.30.49-1024x604.jpeg\" alt=\"\" class=\"wp-image-1779\" srcset=\"http:\/\/conmag.chaco.gov.ar\/prensa\/wp-content\/uploads\/2026\/04\/WhatsApp-Image-2026-04-28-at-18.30.49-1024x604.jpeg 1024w, http:\/\/conmag.chaco.gov.ar\/prensa\/wp-content\/uploads\/2026\/04\/WhatsApp-Image-2026-04-28-at-18.30.49-300x177.jpeg 300w, http:\/\/conmag.chaco.gov.ar\/prensa\/wp-content\/uploads\/2026\/04\/WhatsApp-Image-2026-04-28-at-18.30.49-768x453.jpeg 768w, http:\/\/conmag.chaco.gov.ar\/prensa\/wp-content\/uploads\/2026\/04\/WhatsApp-Image-2026-04-28-at-18.30.49-1536x906.jpeg 1536w, http:\/\/conmag.chaco.gov.ar\/prensa\/wp-content\/uploads\/2026\/04\/WhatsApp-Image-2026-04-28-at-18.30.49.jpeg 1600w\" sizes=\"(max-width: 1024px) 100vw, 1024px\" \/><\/figure>\n\n\n\n<p>Constituido en Jurado de Enjuiciamiento, el cuerpo dio tratamiento a los autos caratulados \u201cCOLLADO, CESAR LUIS S\/ PRESENTACION\u201d Expte. N\u00b0 317\/26, tom\u00f3 conocimiento del informe potestativo presentado por el magistrado y consider\u00f3 pertinente requerir informes, sobre los cuales se expedir\u00e1 oportunamente.&nbsp;<\/p>\n\n\n\n<p>Participaron del acuerdo el presidente V\u00edctor Emilio del R\u00edo y los consejeros y consejeras: Carolina Beatriz Meiri\u00f1o, Sergio Andr\u00e9s Bosch, Mar\u00eda Cecilia Arroyo, Rub\u00e9n Omar Guill\u00f3n (V\u00eda Zoom), Ricardo Jos\u00e9 Urturi, Jorge Fernando G\u00f3mez, Mar\u00eda Cecilia Morante, Magda Ciles Ayala y Carim Antonio Peche; asistidos por la Secretaria del Jurado de Enjuiciamiento Mar\u00eda In\u00e9s Martina y el Secretario General Eduardo Germ\u00e1n P\u00e9rtile.&nbsp;<\/p>\n","protected":false},"excerpt":{"rendered":"<p>Consejo de la Magistratura Se reuni\u00f3 el Consejo de la Magistratura y Jurado de Enjuiciamiento, para tratar el acuerdo N\u00b016, llevando adelante el tratamiento de los diversos concursos en tr\u00e1mite y dem\u00e1s tem\u00e1ticas inherentes al organismo constitucional. Fechas de examen\u00a0 En primer&nbsp;termino,&nbsp;los&nbsp;consejeros&nbsp;tomaron&nbsp;conocimiento&nbsp;respecto&nbsp;al&nbsp;programa&nbsp;de examen&nbsp;definido&nbsp;por&nbsp;la&nbsp;comisi\u00f3n&nbsp;examinadora&nbsp;interviniente&nbsp;en&nbsp;el&nbsp;concurso de:&nbsp;Juez&nbsp;Suplente&nbsp;del&nbsp;Juzgado&nbsp;de Paz y Faltas de Primera&nbsp;Categor\u00eda&nbsp;Especial con&nbsp;car\u00e1cter&nbsp;letrado&nbsp;de la Ciudad de&nbsp;Quitilipi, y se&nbsp;aprob\u00f3&nbsp;la&nbsp;fecha&nbsp;de &#8230; <a title=\"Decimosexta sesi\u00f3n &#8211; 28-4\" class=\"read-more\" href=\"http:\/\/conmag.chaco.gov.ar\/prensa\/2026\/04\/29\/decimosexta-sesion-28-4\/\" aria-label=\"M\u00e1s en Decimosexta sesi\u00f3n &#8211; 28-4\">Leer m\u00e1s<\/a><\/p>\n","protected":false},"author":1,"featured_media":0,"comment_status":"open","ping_status":"open","sticky":false,"template":"","format":"standard","meta":{"footnotes":""},"categories":[1],"tags":[],"_links":{"self":[{"href":"http:\/\/conmag.chaco.gov.ar\/prensa\/wp-json\/wp\/v2\/posts\/1777"}],"collection":[{"href":"http:\/\/conmag.chaco.gov.ar\/prensa\/wp-json\/wp\/v2\/posts"}],"about":[{"href":"http:\/\/conmag.chaco.gov.ar\/prensa\/wp-json\/wp\/v2\/types\/post"}],"author":[{"embeddable":true,"href":"http:\/\/conmag.chaco.gov.ar\/prensa\/wp-json\/wp\/v2\/users\/1"}],"replies":[{"embeddable":true,"href":"http:\/\/conmag.chaco.gov.ar\/prensa\/wp-json\/wp\/v2\/comments?post=1777"}],"version-history":[{"count":1,"href":"http:\/\/conmag.chaco.gov.ar\/prensa\/wp-json\/wp\/v2\/posts\/1777\/revisions"}],"predecessor-version":[{"id":1780,"href":"http:\/\/conmag.chaco.gov.ar\/prensa\/wp-json\/wp\/v2\/posts\/1777\/revisions\/1780"}],"wp:attachment":[{"href":"http:\/\/conmag.chaco.gov.ar\/prensa\/wp-json\/wp\/v2\/media?parent=1777"}],"wp:term":[{"taxonomy":"category","embeddable":true,"href":"http:\/\/conmag.chaco.gov.ar\/prensa\/wp-json\/wp\/v2\/categories?post=1777"},{"taxonomy":"post_tag","embeddable":true,"href":"http:\/\/conmag.chaco.gov.ar\/prensa\/wp-json\/wp\/v2\/tags?post=1777"}],"curies":[{"name":"wp","href":"https:\/\/api.w.org\/{rel}","templated":true}]}}