{"id":699,"date":"2023-08-08T12:33:54","date_gmt":"2023-08-08T10:33:54","guid":{"rendered":"http:\/\/conmag.chaco.gov.ar\/prensa\/?p=699"},"modified":"2023-08-08T12:33:54","modified_gmt":"2023-08-08T10:33:54","slug":"provincializacion-del-chaco","status":"publish","type":"post","link":"https:\/\/conmag.chaco.gov.ar\/prensa\/2023\/08\/08\/provincializacion-del-chaco\/","title":{"rendered":"Provincializaci\u00f3n del Chaco"},"content":{"rendered":"\n<figure class=\"wp-block-image\"><img decoding=\"async\" loading=\"lazy\" width=\"1024\" height=\"1024\" src=\"http:\/\/conmag.chaco.gov.ar\/prensa\/wp-content\/uploads\/2023\/08\/SAVE_20230804_123135-1024x1024.jpg\" alt=\"\" class=\"wp-image-700\" srcset=\"https:\/\/conmag.chaco.gov.ar\/prensa\/wp-content\/uploads\/2023\/08\/SAVE_20230804_123135-1024x1024.jpg 1024w, https:\/\/conmag.chaco.gov.ar\/prensa\/wp-content\/uploads\/2023\/08\/SAVE_20230804_123135-150x150.jpg 150w, https:\/\/conmag.chaco.gov.ar\/prensa\/wp-content\/uploads\/2023\/08\/SAVE_20230804_123135-300x300.jpg 300w, https:\/\/conmag.chaco.gov.ar\/prensa\/wp-content\/uploads\/2023\/08\/SAVE_20230804_123135-768x768.jpg 768w\" sizes=\"(max-width: 1024px) 100vw, 1024px\" \/><\/figure>\n\n\n\n<p>El Consejo de la Magistratura y Jurado de Enjuiciamiento recuerda este acontecimiento hist\u00f3rico tan relevante para nuestra provincia, ya que en los hechos, hasta el 8 de agosto de 1951, los habitantes de los territorios nacionales no gozaban de las autonom\u00edas con las que contaban las provincias en la Argentina. <\/p>\n\n\n\n<p>El 8 de agosto de\n1951 se promulg\u00f3 la Ley N. \u00ba14.037 que dispuso la provincializaci\u00f3n del Chaco y\nla Pampa. Lograr nuestra autonom\u00eda provincial fue un largo y dificultoso\nproceso.<\/p>\n\n\n\n<p>Durante la \u00e9poca\ncolonial el Chaco no fue ocupado por los espa\u00f1oles de manera permanente lo que\nconstituy\u00f3 un refugio de para las colonias abor\u00edgenes. Aqu\u00ed no exist\u00eda una\nestructura administrativa colonial, como s\u00ed lo hab\u00eda en provincias fundadas por\nlos colonizadores como Corrientes, Buenos Aires, C\u00f3rdoba. <\/p>\n\n\n\n<p>Luego de la Revoluci\u00f3n\nde Mayo, las guerras de la independencia y &nbsp;la declaraci\u00f3n de la misma. Comienzan las\ndisputas entre unitarios y federales las mismas continuaron &nbsp;a\u00fan despu\u00e9s de la sanci\u00f3n de la Constituci\u00f3n\nNacional en 1853. Luego la guerra del Paraguay retras\u00f3 &nbsp;la organizaci\u00f3n del territorio. <\/p>\n\n\n\n<p>El territorio nacional &nbsp;Chaco se crea durante la Presidencia de\nSarmiento &nbsp;en 1872 y se rige por normas\ntransitorias hasta el 1884, a\u00f1o en el cual se dicta la Ley 1532 que estar\u00e1\nvigente hasta la provincializaci\u00f3n. En 1878 llegan los primeros inmigrantes al territorio,\nentonces en esta tierra&nbsp; convivieron, no\nsin conflictos, criollos, abor\u00edgenes e inmigrantes.<\/p>\n\n\n\n<p>La Ley N. \u00ba 1532 se Sancion\u00f3 durante el gobierno de Roca, algunos\nde sus puntos principales fueron: <\/p>\n\n\n\n<ul><li>El Gobernador del Territorio era designado por\nel Poder Ejecutivo Nacional <\/li><li>Los jueces de paz eral elegidos por el pueblo por\nmedio de elecci\u00f3n directa en las poblaciones con una poblaci\u00f3n superior a los\n1.000 habitantes. <\/li><li>Los pobladores tambi\u00e9n pod\u00edan elegir sus\nrepresentantes municipales <\/li><li>Las gobernaciones que tuviesen m\u00e1s de 30.000\nhabitantes pod\u00edan tener su propia legislatura. Cabe destacar que est\u00e1s nunca\nfueron creadas. <\/li><li>Tambi\u00e9n se contemplaba la elecci\u00f3n de un\ndelegado para que participara en el Congreso de la Naci\u00f3n.<\/li><\/ul>\n\n\n\n<p>A partir de 1918 hubo muchas asociaciones que asumieron la\ndefensa y pedido de provincializaci\u00f3n ante las autoridades naciones. &nbsp;Pero hasta el a\u00f1o 1951 los habitantes de\nnuestro territorio ten\u00edan los derechos pol\u00edticos restringidos, no eleg\u00edan al presidente\nde la Naci\u00f3n, carec\u00edan de representaci\u00f3n en el Congreso, no ten\u00edan &nbsp;gobernador, ni diputados propios. Es decir que\n\u00e9ramos un territorio sin autonom\u00eda pol\u00edtica, ni vot\u00e1bamos siquiera nuestro\npropio presupuesto.<\/p>\n\n\n\n<p>A partir de que el General Per\u00f3n asume y transforma la\ndirecci\u00f3n de trabajo en Secretar\u00eda en 1943. En el chaco las delegaciones\nregionales de la CGT y sus gremios adheridos organizan 200 actos en distintas localidades,\ndonde los dirigentes explicaban las ventajas que se tendr\u00edan si se lograba la\nautonom\u00eda provincial.<\/p>\n\n\n\n<p>El 12 de abril de 1953 se realizaron las elecciones locales,\ny as\u00ed nuestro primer gobernador electo por el pueblo de la provincia del Chaco\nfue el Se\u00f1or Felipe Gallardo, un l\u00edder sindical.<\/p>\n\n\n\n<p>La provincia presidente Per\u00f3n fue la \u00fanica en el pa\u00eds que\nincluy\u00f3 en su texto constitucional la participaci\u00f3n directa de los trabajadores\nen los poderes del estado. <\/p>\n\n\n\n<p>En el 1955 se produjo el golpe de Estado y el entonces\ngobernador de la Provincia presidente Per\u00f3n, renunci\u00f3 a su cargo.<\/p>\n\n\n\n<p>Con el golpe, la dictadura toma medidas de persecuci\u00f3n\ncontra l\u00edderes y ciudadanos peronistas, y se dejan sin efecto las medidas\ntomadas en el gobierno anterior, a su vez, las nuevas autoridades intervinieron\nla provincia, la constituci\u00f3n provincial fue dejada sin efecto, y se le\ndevolvi\u00f3 el nombre tradicional a la regi\u00f3n , Chaco, que originalmente\nsignifica&nbsp;<em>\u201cterritorio de caza\u201d<\/em>.<\/p>\n\n\n\n<p>Posteriormente, el 1 de mayo de 1957, se estableci\u00f3 la nueva\nconstituci\u00f3n provincial, vigente actualmente con las reformas de 1994.<\/p>\n\n\n\n<p><strong>Texto de Mariana Saife.<\/strong><\/p>\n","protected":false},"excerpt":{"rendered":"<p>El Consejo de la Magistratura y Jurado de Enjuiciamiento recuerda este acontecimiento hist\u00f3rico tan relevante para nuestra provincia, ya que en los hechos, hasta el 8 de agosto de 1951, los habitantes de los territorios nacionales no gozaban de las autonom\u00edas con las que contaban las provincias en la Argentina. El 8 de agosto de &#8230; <a title=\"Provincializaci\u00f3n del Chaco\" class=\"read-more\" href=\"https:\/\/conmag.chaco.gov.ar\/prensa\/2023\/08\/08\/provincializacion-del-chaco\/\" aria-label=\"M\u00e1s en Provincializaci\u00f3n del Chaco\">Leer m\u00e1s<\/a><\/p>\n","protected":false},"author":1,"featured_media":0,"comment_status":"open","ping_status":"open","sticky":false,"template":"","format":"standard","meta":{"footnotes":""},"categories":[1],"tags":[],"_links":{"self":[{"href":"https:\/\/conmag.chaco.gov.ar\/prensa\/wp-json\/wp\/v2\/posts\/699"}],"collection":[{"href":"https:\/\/conmag.chaco.gov.ar\/prensa\/wp-json\/wp\/v2\/posts"}],"about":[{"href":"https:\/\/conmag.chaco.gov.ar\/prensa\/wp-json\/wp\/v2\/types\/post"}],"author":[{"embeddable":true,"href":"https:\/\/conmag.chaco.gov.ar\/prensa\/wp-json\/wp\/v2\/users\/1"}],"replies":[{"embeddable":true,"href":"https:\/\/conmag.chaco.gov.ar\/prensa\/wp-json\/wp\/v2\/comments?post=699"}],"version-history":[{"count":1,"href":"https:\/\/conmag.chaco.gov.ar\/prensa\/wp-json\/wp\/v2\/posts\/699\/revisions"}],"predecessor-version":[{"id":701,"href":"https:\/\/conmag.chaco.gov.ar\/prensa\/wp-json\/wp\/v2\/posts\/699\/revisions\/701"}],"wp:attachment":[{"href":"https:\/\/conmag.chaco.gov.ar\/prensa\/wp-json\/wp\/v2\/media?parent=699"}],"wp:term":[{"taxonomy":"category","embeddable":true,"href":"https:\/\/conmag.chaco.gov.ar\/prensa\/wp-json\/wp\/v2\/categories?post=699"},{"taxonomy":"post_tag","embeddable":true,"href":"https:\/\/conmag.chaco.gov.ar\/prensa\/wp-json\/wp\/v2\/tags?post=699"}],"curies":[{"name":"wp","href":"https:\/\/api.w.org\/{rel}","templated":true}]}}